{"id":6668,"date":"2019-02-21T12:29:57","date_gmt":"2019-02-21T10:29:57","guid":{"rendered":"https:\/\/homeofwool.com\/?p=6668"},"modified":"2026-01-13T09:17:23","modified_gmt":"2026-01-13T09:17:23","slug":"samarbete-erin-fetherston-kimberly-van-der-beek","status":"publish","type":"post","link":"https:\/\/homeofwool.com\/sv\/blog\/collaboration-erin-fetherston-kimberly-van-der-beek\/","title":{"rendered":"Samarbete med Erin Fetherston och Kimberly Van Der Beek"},"content":{"rendered":"<p>Denna vackra plats omdesignades av Erin Fetherston f\u00f6r att fira hennes b\u00e4sta v\u00e4ns f\u00f6delsedag. Hon ville skapa en plats f\u00f6r Kimberly och deras barn, d\u00e4r de kan forts\u00e4tta umg\u00e5s tillsammans. Erin hj\u00e4lpte Kimberly att skapa en fristad f\u00f6r hennes v\u00e4ntade 5<sup>th<\/sup> barn. <a href=\"https:\/\/homeofwool.com\/wp-content\/uploads\/2019\/02\/erin-kimberly-nov-2018-69.webp\"><img fetchpriority=\"high\" decoding=\"async\" class=\"alignnone size-large wp-image-214262\" src=\"https:\/\/homeofwool.com\/wp-content\/uploads\/2019\/02\/erin-kimberly-nov-2018-69-1024x683.webp\" alt=\"kvinna som ammar sitt barn p\u00e5 en soffa med ullkuddar\" width=\"1024\" height=\"683\" srcset=\"https:\/\/homeofwool.com\/wp-content\/uploads\/2019\/02\/erin-kimberly-nov-2018-69-1024x683.webp 1024w, https:\/\/homeofwool.com\/wp-content\/uploads\/2019\/02\/erin-kimberly-nov-2018-69-400x267.webp 400w, https:\/\/homeofwool.com\/wp-content\/uploads\/2019\/02\/erin-kimberly-nov-2018-69-150x100.webp 150w, https:\/\/homeofwool.com\/wp-content\/uploads\/2019\/02\/erin-kimberly-nov-2018-69-300x200.webp 300w, https:\/\/homeofwool.com\/wp-content\/uploads\/2019\/02\/erin-kimberly-nov-2018-69-768x512.webp 768w, https:\/\/homeofwool.com\/wp-content\/uploads\/2019\/02\/erin-kimberly-nov-2018-69-1536x1024.webp 1536w, https:\/\/homeofwool.com\/wp-content\/uploads\/2019\/02\/erin-kimberly-nov-2018-69-18x12.webp 18w, https:\/\/homeofwool.com\/wp-content\/uploads\/2019\/02\/erin-kimberly-nov-2018-69-990x660.webp 990w, https:\/\/homeofwool.com\/wp-content\/uploads\/2019\/02\/erin-kimberly-nov-2018-69-441x294.webp 441w, https:\/\/homeofwool.com\/wp-content\/uploads\/2019\/02\/erin-kimberly-nov-2018-69.webp 1620w\" sizes=\"(max-width: 1024px) 100vw, 1024px\" \/><\/a><\/p>\n<p>Erin anf\u00f6rtrodde oss att skapa en madrass till Kimberlys dagb\u00e4dd. Hon valde v\u00e5rt Oeko-Tex-certifierade linnetyg 100% eftersom hon ville ha en bohemisk atmosf\u00e4r med r\u00e4tt f\u00e4rger och texturer. Milj\u00f6v\u00e4nliga produkter \u00e4r extremt viktiga f\u00f6r b\u00e5de Kimberly och mig, s\u00e4rskilt med sm\u00e5 barn i hemmet. D\u00e4rf\u00f6r valde vi ett <a href=\"https:\/\/homeofwool.com\/sv\/butik\/madrass-av-ull\/\">handgjord ullmadrass<\/a> fr\u00e5n\u00a0<strong>Hem f\u00f6r ull<\/strong>\u00a0som inte inneh\u00e5ller n\u00e5gon av de giftiga \u00e4mnen som vanligtvis finns i de flesta kommersiella madrasser.<em><a href=\"https:\/\/homeofwool.com\/wp-content\/uploads\/2019\/02\/erin-kimberly-nov-2018-56.webp\"><img decoding=\"async\" class=\"alignnone size-large wp-image-214263\" src=\"https:\/\/homeofwool.com\/wp-content\/uploads\/2019\/02\/erin-kimberly-nov-2018-56-1024x683.webp\" alt=\"barn som ritar med kritor p\u00e5 papper\" width=\"1024\" height=\"683\" srcset=\"https:\/\/homeofwool.com\/wp-content\/uploads\/2019\/02\/erin-kimberly-nov-2018-56-1024x683.webp 1024w, https:\/\/homeofwool.com\/wp-content\/uploads\/2019\/02\/erin-kimberly-nov-2018-56-400x267.webp 400w, https:\/\/homeofwool.com\/wp-content\/uploads\/2019\/02\/erin-kimberly-nov-2018-56-150x100.webp 150w, https:\/\/homeofwool.com\/wp-content\/uploads\/2019\/02\/erin-kimberly-nov-2018-56-300x200.webp 300w, https:\/\/homeofwool.com\/wp-content\/uploads\/2019\/02\/erin-kimberly-nov-2018-56-768x512.webp 768w, https:\/\/homeofwool.com\/wp-content\/uploads\/2019\/02\/erin-kimberly-nov-2018-56-1536x1024.webp 1536w, https:\/\/homeofwool.com\/wp-content\/uploads\/2019\/02\/erin-kimberly-nov-2018-56-18x12.webp 18w, https:\/\/homeofwool.com\/wp-content\/uploads\/2019\/02\/erin-kimberly-nov-2018-56-990x660.webp 990w, https:\/\/homeofwool.com\/wp-content\/uploads\/2019\/02\/erin-kimberly-nov-2018-56-441x294.webp 441w, https:\/\/homeofwool.com\/wp-content\/uploads\/2019\/02\/erin-kimberly-nov-2018-56.webp 1620w\" sizes=\"(max-width: 1024px) 100vw, 1024px\" \/><\/a><\/em><\/p>\n<p>Vi \u00e4r s\u00e5 glada att Erin, Kimberly och barnen tycker om denna makeover! Tack f\u00f6r att ni valde oss, vi uppskattar det!<\/p>\n<p>Du kan l\u00e4sa <a href=\"https:\/\/www.erinfetherston.com\/\">Erins blogg<\/a> f\u00f6r mer information.<\/p>","protected":false},"excerpt":{"rendered":"<p>This beautiful space was redesigned by Erin Fetherston in honor of her best friend\u2019s birthday. She wanted to create a space for Kimberly and their children, where they can keep hanging out together. Erin helped Kimberly create a sanctuary space for her expected 5th child. Erin trusted us with creating a mattress for Kimberly\u2019s daybed. [&hellip;]<\/p>\n","protected":false},"author":1,"featured_media":214260,"comment_status":"open","ping_status":"open","sticky":false,"template":"","format":"standard","meta":{"_acf_changed":false,"footnotes":""},"categories":[858],"tags":[],"class_list":["post-6668","post","type-post","status-publish","format-standard","has-post-thumbnail","hentry","category-your-home-of-wool-stories"],"acf":[],"yoast_head":"<!-- This site is optimized with the Yoast SEO Premium plugin v27.5 (Yoast SEO v27.5) - https:\/\/yoast.com\/product\/yoast-seo-premium-wordpress\/ -->\n<title>Collaboration with Erin Fetherston &amp; Kimberly Van Der Beek | Home of Wool<\/title>\n<meta name=\"description\" content=\"Explore the exclusive Home of Wool collaboration with Erin Fetherston and Kimberly Van Der Beek. Discover inspired, natural wool creations blending timeless design with sustainable luxury.\" \/>\n<meta name=\"robots\" content=\"index, follow, max-snippet:-1, max-image-preview:large, max-video-preview:-1\" \/>\n<link rel=\"canonical\" href=\"https:\/\/homeofwool.com\/sv\/blogg\/samarbete-erin-fetherston-kimberly-van-der-beek\/\" \/>\n<meta property=\"og:locale\" content=\"sv_SE\" \/>\n<meta property=\"og:type\" content=\"article\" \/>\n<meta property=\"og:title\" content=\"Collaboration with Erin Fetherston &amp; Kimberly Van Der Beek\" \/>\n<meta property=\"og:description\" content=\"Explore the exclusive Home of Wool collaboration with Erin Fetherston and Kimberly Van Der Beek. Discover inspired, natural wool creations blending timeless design with sustainable luxury.\" \/>\n<meta property=\"og:url\" content=\"https:\/\/homeofwool.com\/sv\/blogg\/samarbete-erin-fetherston-kimberly-van-der-beek\/\" \/>\n<meta property=\"og:site_name\" content=\"Home of Wool\" \/>\n<meta property=\"article:publisher\" content=\"https:\/\/facebook.com\/HomeOfWoolOfficial\" \/>\n<meta property=\"article:published_time\" content=\"2019-02-21T10:29:57+00:00\" \/>\n<meta property=\"article:modified_time\" content=\"2026-01-13T09:17:23+00:00\" \/>\n<meta property=\"og:image\" content=\"https:\/\/homeofwool.com\/wp-content\/uploads\/2019\/02\/Home-of-wool-Kimberly-Van-Der-Beek-Erin-Fetherston-collab.jpg\" \/>\n\t<meta property=\"og:image:width\" content=\"1301\" \/>\n\t<meta property=\"og:image:height\" content=\"1080\" \/>\n\t<meta property=\"og:image:type\" content=\"image\/jpeg\" \/>\n<meta name=\"author\" content=\"admin\" \/>\n<meta name=\"twitter:card\" content=\"summary_large_image\" \/>\n<meta name=\"twitter:label1\" content=\"Skriven av\" \/>\n\t<meta name=\"twitter:data1\" content=\"admin\" \/>\n\t<meta name=\"twitter:label2\" content=\"Ber\u00e4knad l\u00e4stid\" \/>\n\t<meta name=\"twitter:data2\" content=\"2 minuter\" \/>\n<script type=\"application\/ld+json\" class=\"yoast-schema-graph\">{\"@context\":\"https:\\\/\\\/schema.org\",\"@graph\":[{\"@type\":\"Article\",\"@id\":\"https:\\\/\\\/homeofwool.com\\\/blog\\\/collaboration-erin-fetherston-kimberly-van-der-beek\\\/#article\",\"isPartOf\":{\"@id\":\"https:\\\/\\\/homeofwool.com\\\/blog\\\/collaboration-erin-fetherston-kimberly-van-der-beek\\\/\"},\"author\":{\"name\":\"admin\",\"@id\":\"https:\\\/\\\/homeofwool.com\\\/#\\\/schema\\\/person\\\/794b8aa5a24b79cc0a286b90a70e03b0\"},\"headline\":\"Collaboration with Erin Fetherston &#038; Kimberly Van Der Beek\",\"datePublished\":\"2019-02-21T10:29:57+00:00\",\"dateModified\":\"2026-01-13T09:17:23+00:00\",\"mainEntityOfPage\":{\"@id\":\"https:\\\/\\\/homeofwool.com\\\/blog\\\/collaboration-erin-fetherston-kimberly-van-der-beek\\\/\"},\"wordCount\":156,\"commentCount\":0,\"publisher\":{\"@id\":\"https:\\\/\\\/homeofwool.com\\\/#organization\"},\"image\":{\"@id\":\"https:\\\/\\\/homeofwool.com\\\/blog\\\/collaboration-erin-fetherston-kimberly-van-der-beek\\\/#primaryimage\"},\"thumbnailUrl\":\"https:\\\/\\\/homeofwool.com\\\/wp-content\\\/uploads\\\/2019\\\/02\\\/Home-of-wool-Kimberly-Van-Der-Beek-Erin-Fetherston-collab.jpg\",\"articleSection\":[\"Your Home of Wool Stories\"],\"inLanguage\":\"sv-SE\"},{\"@type\":\"WebPage\",\"@id\":\"https:\\\/\\\/homeofwool.com\\\/blog\\\/collaboration-erin-fetherston-kimberly-van-der-beek\\\/\",\"url\":\"https:\\\/\\\/homeofwool.com\\\/blog\\\/collaboration-erin-fetherston-kimberly-van-der-beek\\\/\",\"name\":\"Collaboration with Erin Fetherston & Kimberly Van Der Beek | Home of Wool\",\"isPartOf\":{\"@id\":\"https:\\\/\\\/homeofwool.com\\\/#website\"},\"primaryImageOfPage\":{\"@id\":\"https:\\\/\\\/homeofwool.com\\\/blog\\\/collaboration-erin-fetherston-kimberly-van-der-beek\\\/#primaryimage\"},\"image\":{\"@id\":\"https:\\\/\\\/homeofwool.com\\\/blog\\\/collaboration-erin-fetherston-kimberly-van-der-beek\\\/#primaryimage\"},\"thumbnailUrl\":\"https:\\\/\\\/homeofwool.com\\\/wp-content\\\/uploads\\\/2019\\\/02\\\/Home-of-wool-Kimberly-Van-Der-Beek-Erin-Fetherston-collab.jpg\",\"datePublished\":\"2019-02-21T10:29:57+00:00\",\"dateModified\":\"2026-01-13T09:17:23+00:00\",\"description\":\"Explore the exclusive Home of Wool collaboration with Erin Fetherston and Kimberly Van Der Beek. Discover inspired, natural wool creations blending timeless design with sustainable luxury.\",\"breadcrumb\":{\"@id\":\"https:\\\/\\\/homeofwool.com\\\/blog\\\/collaboration-erin-fetherston-kimberly-van-der-beek\\\/#breadcrumb\"},\"inLanguage\":\"sv-SE\",\"potentialAction\":[{\"@type\":\"ReadAction\",\"target\":[\"https:\\\/\\\/homeofwool.com\\\/blog\\\/collaboration-erin-fetherston-kimberly-van-der-beek\\\/\"]}]},{\"@type\":\"ImageObject\",\"inLanguage\":\"sv-SE\",\"@id\":\"https:\\\/\\\/homeofwool.com\\\/blog\\\/collaboration-erin-fetherston-kimberly-van-der-beek\\\/#primaryimage\",\"url\":\"https:\\\/\\\/homeofwool.com\\\/wp-content\\\/uploads\\\/2019\\\/02\\\/Home-of-wool-Kimberly-Van-Der-Beek-Erin-Fetherston-collab.jpg\",\"contentUrl\":\"https:\\\/\\\/homeofwool.com\\\/wp-content\\\/uploads\\\/2019\\\/02\\\/Home-of-wool-Kimberly-Van-Der-Beek-Erin-Fetherston-collab.jpg\",\"width\":1301,\"height\":1080,\"caption\":\"a family sitting on a couch with wool cushions\"},{\"@type\":\"BreadcrumbList\",\"@id\":\"https:\\\/\\\/homeofwool.com\\\/blog\\\/collaboration-erin-fetherston-kimberly-van-der-beek\\\/#breadcrumb\",\"itemListElement\":[{\"@type\":\"ListItem\",\"position\":1,\"name\":\"Home\",\"item\":\"https:\\\/\\\/homeofwool.com\\\/\"},{\"@type\":\"ListItem\",\"position\":2,\"name\":\"Collaboration with Erin Fetherston &#038; Kimberly Van Der Beek\"}]},{\"@type\":\"WebSite\",\"@id\":\"https:\\\/\\\/homeofwool.com\\\/#website\",\"url\":\"https:\\\/\\\/homeofwool.com\\\/\",\"name\":\"Home of Wool\",\"description\":\"\",\"publisher\":{\"@id\":\"https:\\\/\\\/homeofwool.com\\\/#organization\"},\"potentialAction\":[{\"@type\":\"SearchAction\",\"target\":{\"@type\":\"EntryPoint\",\"urlTemplate\":\"https:\\\/\\\/homeofwool.com\\\/?s={search_term_string}\"},\"query-input\":{\"@type\":\"PropertyValueSpecification\",\"valueRequired\":true,\"valueName\":\"search_term_string\"}}],\"inLanguage\":\"sv-SE\"},{\"@type\":\"Organization\",\"@id\":\"https:\\\/\\\/homeofwool.com\\\/#organization\",\"name\":\"Home of Wool\",\"url\":\"https:\\\/\\\/homeofwool.com\\\/\",\"logo\":{\"@type\":\"ImageObject\",\"inLanguage\":\"sv-SE\",\"@id\":\"https:\\\/\\\/homeofwool.com\\\/#\\\/schema\\\/logo\\\/image\\\/\",\"url\":\"https:\\\/\\\/homeofwool.com\\\/wp-content\\\/uploads\\\/2025\\\/09\\\/WhatsApp-Image-2025-12-02-at-16.23.20.jpeg\",\"contentUrl\":\"https:\\\/\\\/homeofwool.com\\\/wp-content\\\/uploads\\\/2025\\\/09\\\/WhatsApp-Image-2025-12-02-at-16.23.20.jpeg\",\"width\":700,\"height\":247,\"caption\":\"Home of Wool\"},\"image\":{\"@id\":\"https:\\\/\\\/homeofwool.com\\\/#\\\/schema\\\/logo\\\/image\\\/\"},\"sameAs\":[\"https:\\\/\\\/facebook.com\\\/HomeOfWoolOfficial\"]},{\"@type\":\"Person\",\"@id\":\"https:\\\/\\\/homeofwool.com\\\/#\\\/schema\\\/person\\\/794b8aa5a24b79cc0a286b90a70e03b0\",\"name\":\"admin\",\"image\":{\"@type\":\"ImageObject\",\"inLanguage\":\"sv-SE\",\"@id\":\"https:\\\/\\\/secure.gravatar.com\\\/avatar\\\/b3d09a0dbdf1109a1baf3b90945a747afb82fd58a483d9c6eb1ef8f4a31d31b6?s=96&d=mm&r=g\",\"url\":\"https:\\\/\\\/secure.gravatar.com\\\/avatar\\\/b3d09a0dbdf1109a1baf3b90945a747afb82fd58a483d9c6eb1ef8f4a31d31b6?s=96&d=mm&r=g\",\"contentUrl\":\"https:\\\/\\\/secure.gravatar.com\\\/avatar\\\/b3d09a0dbdf1109a1baf3b90945a747afb82fd58a483d9c6eb1ef8f4a31d31b6?s=96&d=mm&r=g\",\"caption\":\"admin\"},\"sameAs\":[\"http:\\\/\\\/homeofwool.com\"]}]}<\/script>\n<!-- \/ Yoast SEO Premium plugin. -->","yoast_head_json":{"title":"Samarbete med Erin Fetherston &amp; Kimberly Van Der Beek | Home of Wool","description":"Utforska det exklusiva Home of Wool-samarbetet med Erin Fetherston och Kimberly Van Der Beek. Uppt\u00e4ck inspirerade, naturliga ullkreationer som kombinerar tidl\u00f6s design med h\u00e5llbar lyx.","robots":{"index":"index","follow":"follow","max-snippet":"max-snippet:-1","max-image-preview":"max-image-preview:large","max-video-preview":"max-video-preview:-1"},"canonical":"https:\/\/homeofwool.com\/sv\/blogg\/samarbete-erin-fetherston-kimberly-van-der-beek\/","og_locale":"sv_SE","og_type":"article","og_title":"Collaboration with Erin Fetherston & Kimberly Van Der Beek","og_description":"Explore the exclusive Home of Wool collaboration with Erin Fetherston and Kimberly Van Der Beek. Discover inspired, natural wool creations blending timeless design with sustainable luxury.","og_url":"https:\/\/homeofwool.com\/sv\/blogg\/samarbete-erin-fetherston-kimberly-van-der-beek\/","og_site_name":"Home of Wool","article_publisher":"https:\/\/facebook.com\/HomeOfWoolOfficial","article_published_time":"2019-02-21T10:29:57+00:00","article_modified_time":"2026-01-13T09:17:23+00:00","og_image":[{"width":1301,"height":1080,"url":"https:\/\/homeofwool.com\/wp-content\/uploads\/2019\/02\/Home-of-wool-Kimberly-Van-Der-Beek-Erin-Fetherston-collab.jpg","type":"image\/jpeg"}],"author":"admin","twitter_card":"summary_large_image","twitter_misc":{"Skriven av":"admin","Ber\u00e4knad l\u00e4stid":"2 minuter"},"schema":{"@context":"https:\/\/schema.org","@graph":[{"@type":"Article","@id":"https:\/\/homeofwool.com\/blog\/collaboration-erin-fetherston-kimberly-van-der-beek\/#article","isPartOf":{"@id":"https:\/\/homeofwool.com\/blog\/collaboration-erin-fetherston-kimberly-van-der-beek\/"},"author":{"name":"admin","@id":"https:\/\/homeofwool.com\/#\/schema\/person\/794b8aa5a24b79cc0a286b90a70e03b0"},"headline":"Collaboration with Erin Fetherston &#038; Kimberly Van Der Beek","datePublished":"2019-02-21T10:29:57+00:00","dateModified":"2026-01-13T09:17:23+00:00","mainEntityOfPage":{"@id":"https:\/\/homeofwool.com\/blog\/collaboration-erin-fetherston-kimberly-van-der-beek\/"},"wordCount":156,"commentCount":0,"publisher":{"@id":"https:\/\/homeofwool.com\/#organization"},"image":{"@id":"https:\/\/homeofwool.com\/blog\/collaboration-erin-fetherston-kimberly-van-der-beek\/#primaryimage"},"thumbnailUrl":"https:\/\/homeofwool.com\/wp-content\/uploads\/2019\/02\/Home-of-wool-Kimberly-Van-Der-Beek-Erin-Fetherston-collab.jpg","articleSection":["Your Home of Wool Stories"],"inLanguage":"sv-SE"},{"@type":"WebPage","@id":"https:\/\/homeofwool.com\/blog\/collaboration-erin-fetherston-kimberly-van-der-beek\/","url":"https:\/\/homeofwool.com\/blog\/collaboration-erin-fetherston-kimberly-van-der-beek\/","name":"Samarbete med Erin Fetherston &amp; Kimberly Van Der Beek | Home of Wool","isPartOf":{"@id":"https:\/\/homeofwool.com\/#website"},"primaryImageOfPage":{"@id":"https:\/\/homeofwool.com\/blog\/collaboration-erin-fetherston-kimberly-van-der-beek\/#primaryimage"},"image":{"@id":"https:\/\/homeofwool.com\/blog\/collaboration-erin-fetherston-kimberly-van-der-beek\/#primaryimage"},"thumbnailUrl":"https:\/\/homeofwool.com\/wp-content\/uploads\/2019\/02\/Home-of-wool-Kimberly-Van-Der-Beek-Erin-Fetherston-collab.jpg","datePublished":"2019-02-21T10:29:57+00:00","dateModified":"2026-01-13T09:17:23+00:00","description":"Utforska det exklusiva Home of Wool-samarbetet med Erin Fetherston och Kimberly Van Der Beek. Uppt\u00e4ck inspirerade, naturliga ullkreationer som kombinerar tidl\u00f6s design med h\u00e5llbar lyx.","breadcrumb":{"@id":"https:\/\/homeofwool.com\/blog\/collaboration-erin-fetherston-kimberly-van-der-beek\/#breadcrumb"},"inLanguage":"sv-SE","potentialAction":[{"@type":"ReadAction","target":["https:\/\/homeofwool.com\/blog\/collaboration-erin-fetherston-kimberly-van-der-beek\/"]}]},{"@type":"ImageObject","inLanguage":"sv-SE","@id":"https:\/\/homeofwool.com\/blog\/collaboration-erin-fetherston-kimberly-van-der-beek\/#primaryimage","url":"https:\/\/homeofwool.com\/wp-content\/uploads\/2019\/02\/Home-of-wool-Kimberly-Van-Der-Beek-Erin-Fetherston-collab.jpg","contentUrl":"https:\/\/homeofwool.com\/wp-content\/uploads\/2019\/02\/Home-of-wool-Kimberly-Van-Der-Beek-Erin-Fetherston-collab.jpg","width":1301,"height":1080,"caption":"a family sitting on a couch with wool cushions"},{"@type":"BreadcrumbList","@id":"https:\/\/homeofwool.com\/blog\/collaboration-erin-fetherston-kimberly-van-der-beek\/#breadcrumb","itemListElement":[{"@type":"ListItem","position":1,"name":"Home","item":"https:\/\/homeofwool.com\/"},{"@type":"ListItem","position":2,"name":"Collaboration with Erin Fetherston &#038; Kimberly Van Der Beek"}]},{"@type":"WebSite","@id":"https:\/\/homeofwool.com\/#website","url":"https:\/\/homeofwool.com\/","name":"Hem f\u00f6r ull","description":"","publisher":{"@id":"https:\/\/homeofwool.com\/#organization"},"potentialAction":[{"@type":"SearchAction","target":{"@type":"EntryPoint","urlTemplate":"https:\/\/homeofwool.com\/?s={search_term_string}"},"query-input":{"@type":"PropertyValueSpecification","valueRequired":true,"valueName":"search_term_string"}}],"inLanguage":"sv-SE"},{"@type":"Organization","@id":"https:\/\/homeofwool.com\/#organization","name":"Hem f\u00f6r ull","url":"https:\/\/homeofwool.com\/","logo":{"@type":"ImageObject","inLanguage":"sv-SE","@id":"https:\/\/homeofwool.com\/#\/schema\/logo\/image\/","url":"https:\/\/homeofwool.com\/wp-content\/uploads\/2025\/09\/WhatsApp-Image-2025-12-02-at-16.23.20.jpeg","contentUrl":"https:\/\/homeofwool.com\/wp-content\/uploads\/2025\/09\/WhatsApp-Image-2025-12-02-at-16.23.20.jpeg","width":700,"height":247,"caption":"Home of Wool"},"image":{"@id":"https:\/\/homeofwool.com\/#\/schema\/logo\/image\/"},"sameAs":["https:\/\/facebook.com\/HomeOfWoolOfficial"]},{"@type":"Person","@id":"https:\/\/homeofwool.com\/#\/schema\/person\/794b8aa5a24b79cc0a286b90a70e03b0","name":"admin","image":{"@type":"ImageObject","inLanguage":"sv-SE","@id":"https:\/\/secure.gravatar.com\/avatar\/b3d09a0dbdf1109a1baf3b90945a747afb82fd58a483d9c6eb1ef8f4a31d31b6?s=96&d=mm&r=g","url":"https:\/\/secure.gravatar.com\/avatar\/b3d09a0dbdf1109a1baf3b90945a747afb82fd58a483d9c6eb1ef8f4a31d31b6?s=96&d=mm&r=g","contentUrl":"https:\/\/secure.gravatar.com\/avatar\/b3d09a0dbdf1109a1baf3b90945a747afb82fd58a483d9c6eb1ef8f4a31d31b6?s=96&d=mm&r=g","caption":"admin"},"sameAs":["http:\/\/homeofwool.com"]}]}},"_links":{"self":[{"href":"https:\/\/homeofwool.com\/sv\/wp-json\/wp\/v2\/posts\/6668","targetHints":{"allow":["GET"]}}],"collection":[{"href":"https:\/\/homeofwool.com\/sv\/wp-json\/wp\/v2\/posts"}],"about":[{"href":"https:\/\/homeofwool.com\/sv\/wp-json\/wp\/v2\/types\/post"}],"author":[{"embeddable":true,"href":"https:\/\/homeofwool.com\/sv\/wp-json\/wp\/v2\/users\/1"}],"replies":[{"embeddable":true,"href":"https:\/\/homeofwool.com\/sv\/wp-json\/wp\/v2\/comments?post=6668"}],"version-history":[{"count":1,"href":"https:\/\/homeofwool.com\/sv\/wp-json\/wp\/v2\/posts\/6668\/revisions"}],"predecessor-version":[{"id":227262,"href":"https:\/\/homeofwool.com\/sv\/wp-json\/wp\/v2\/posts\/6668\/revisions\/227262"}],"wp:featuredmedia":[{"embeddable":true,"href":"https:\/\/homeofwool.com\/sv\/wp-json\/wp\/v2\/media\/214260"}],"wp:attachment":[{"href":"https:\/\/homeofwool.com\/sv\/wp-json\/wp\/v2\/media?parent=6668"}],"wp:term":[{"taxonomy":"category","embeddable":true,"href":"https:\/\/homeofwool.com\/sv\/wp-json\/wp\/v2\/categories?post=6668"},{"taxonomy":"post_tag","embeddable":true,"href":"https:\/\/homeofwool.com\/sv\/wp-json\/wp\/v2\/tags?post=6668"}],"curies":[{"name":"wp","href":"https:\/\/api.w.org\/{rel}","templated":true}]}}